{"id":8787,"date":"2026-09-03T15:02:28","date_gmt":"2026-09-03T18:02:28","guid":{"rendered":"https:\/\/economize.com.br\/blog\/?p=8787"},"modified":"2026-09-03T15:02:32","modified_gmt":"2026-09-03T18:02:32","slug":"coberturas-do-seguro-auto","status":"publish","type":"post","link":"https:\/\/economize.com.br\/blog\/coberturas-do-seguro-auto\/","title":{"rendered":"Coberturas do seguro auto: o que cada uma protege"},"content":{"rendered":"\n<p class=\"wp-block-paragraph\">Conte\u00fado revisado por\u00a0<a href=\"\/blog\/author\/admin\/\">Cl\u00e1udio Royo<\/a>, Especialista em Seguros \u2014 Registro Susep 222142178<\/p>\n\n\n\n<p class=\"wp-block-paragraph\">Atualizado em\u00a02 de setembro de 2026<\/p>\n\n\n\n<p class=\"wp-block-paragraph\">Escolher bem um seguro auto come\u00e7a por entender o que cada cobertura protege, quando a franquia \u00e9 cobrada e o que fica de fora da ap\u00f3lice. Este guia explica cada bloco em linguagem direta, para que a compara\u00e7\u00e3o entre propostas seja feita com os mesmos par\u00e2metros.<\/p>\n\n\n\n<p class=\"wp-block-paragraph\"><strong>Resposta r\u00e1pida<\/strong><\/p>\n\n\n\n<p class=\"wp-block-paragraph\">As coberturas do seguro auto se dividem em tr\u00eas blocos: prote\u00e7\u00e3o do pr\u00f3prio ve\u00edculo (compreensiva ou roubo, furto e inc\u00eandio), responsabilidade civil para danos a terceiros e servi\u00e7os, como assist\u00eancia 24 horas, carro reserva e vidros. A franquia \u00e9 a parte do reparo que fica com voc\u00ea em sinistro parcial e normalmente n\u00e3o \u00e9 cobrada em indeniza\u00e7\u00e3o integral. O que fica de fora est\u00e1 nas condi\u00e7\u00f5es gerais de cada produto.<\/p>\n\n\n\n<div id=\"ez-toc-container\" class=\"ez-toc-v2_0_76 counter-hierarchy ez-toc-counter ez-toc-white ez-toc-container-direction\">\n<div class=\"ez-toc-title-container\">\n<p class=\"ez-toc-title\" style=\"cursor:inherit\">Tabela de Conte\u00fado<\/p>\n<span class=\"ez-toc-title-toggle\"><a href=\"#\" class=\"ez-toc-pull-right ez-toc-btn ez-toc-btn-xs ez-toc-btn-default ez-toc-toggle\" aria-label=\"Alternar tabela de conte\u00fado\"><span class=\"ez-toc-js-icon-con\"><span class=\"\"><span class=\"eztoc-hide\" style=\"display:none;\">Toggle<\/span><span class=\"ez-toc-icon-toggle-span\"><svg style=\"fill: #999;color:#999\" xmlns=\"http:\/\/www.w3.org\/2000\/svg\" class=\"list-377408\" width=\"20px\" height=\"20px\" viewBox=\"0 0 24 24\" fill=\"none\"><path d=\"M6 6H4v2h2V6zm14 0H8v2h12V6zM4 11h2v2H4v-2zm16 0H8v2h12v-2zM4 16h2v2H4v-2zm16 0H8v2h12v-2z\" fill=\"currentColor\"><\/path><\/svg><svg style=\"fill: #999;color:#999\" class=\"arrow-unsorted-368013\" xmlns=\"http:\/\/www.w3.org\/2000\/svg\" width=\"10px\" height=\"10px\" viewBox=\"0 0 24 24\" version=\"1.2\" baseProfile=\"tiny\"><path d=\"M18.2 9.3l-6.2-6.3-6.2 6.3c-.2.2-.3.4-.3.7s.1.5.3.7c.2.2.4.3.7.3h11c.3 0 .5-.1.7-.3.2-.2.3-.5.3-.7s-.1-.5-.3-.7zM5.8 14.7l6.2 6.3 6.2-6.3c.2-.2.3-.5.3-.7s-.1-.5-.3-.7c-.2-.2-.4-.3-.7-.3h-11c-.3 0-.5.1-.7.3-.2.2-.3.5-.3.7s.1.5.3.7z\"\/><\/svg><\/span><\/span><\/span><\/a><\/span><\/div>\n<nav><ul class='ez-toc-list ez-toc-list-level-1 ' ><li class='ez-toc-page-1 ez-toc-heading-level-2'><a class=\"ez-toc-link ez-toc-heading-1\" href=\"https:\/\/economize.com.br\/blog\/coberturas-do-seguro-auto\/#O_que_o_seguro_auto_costuma_cobrir\" >O que o seguro auto costuma cobrir<\/a><\/li><li class='ez-toc-page-1 ez-toc-heading-level-2'><a class=\"ez-toc-link ez-toc-heading-2\" href=\"https:\/\/economize.com.br\/blog\/coberturas-do-seguro-auto\/#Compreensiva_roubo_e_incendio_ou_apenas_terceiros\" >Compreensiva, roubo e inc\u00eandio ou apenas terceiros<\/a><\/li><li class='ez-toc-page-1 ez-toc-heading-level-2'><a class=\"ez-toc-link ez-toc-heading-3\" href=\"https:\/\/economize.com.br\/blog\/coberturas-do-seguro-auto\/#Franquia_como_funciona_na_pratica\" >Franquia: como funciona na pr\u00e1tica<\/a><\/li><li class='ez-toc-page-1 ez-toc-heading-level-2'><a class=\"ez-toc-link ez-toc-heading-4\" href=\"https:\/\/economize.com.br\/blog\/coberturas-do-seguro-auto\/#O_que_a_apolice_normalmente_nao_cobre\" >O que a ap\u00f3lice normalmente n\u00e3o cobre<\/a><\/li><li class='ez-toc-page-1 ez-toc-heading-level-2'><a class=\"ez-toc-link ez-toc-heading-5\" href=\"https:\/\/economize.com.br\/blog\/coberturas-do-seguro-auto\/#Como_decidir_entre_duas_propostas\" >Como decidir entre duas propostas<\/a><\/li><li class='ez-toc-page-1 ez-toc-heading-level-2'><a class=\"ez-toc-link ez-toc-heading-6\" href=\"https:\/\/economize.com.br\/blog\/coberturas-do-seguro-auto\/#Perguntas_frequentes\" >Perguntas frequentes<\/a><ul class='ez-toc-list-level-3' ><li class='ez-toc-heading-level-3'><a class=\"ez-toc-link ez-toc-heading-7\" href=\"https:\/\/economize.com.br\/blog\/coberturas-do-seguro-auto\/#Quais_sao_as_coberturas_do_seguro_auto\" >Quais s\u00e3o as coberturas do seguro auto?<\/a><\/li><li class='ez-toc-page-1 ez-toc-heading-level-3'><a class=\"ez-toc-link ez-toc-heading-8\" href=\"https:\/\/economize.com.br\/blog\/coberturas-do-seguro-auto\/#Qual_a_diferenca_entre_cobertura_compreensiva_e_seguro_so_para_terceiros\" >Qual a diferen\u00e7a entre cobertura compreensiva e seguro s\u00f3 para terceiros?<\/a><\/li><li class='ez-toc-page-1 ez-toc-heading-level-3'><a class=\"ez-toc-link ez-toc-heading-9\" href=\"https:\/\/economize.com.br\/blog\/coberturas-do-seguro-auto\/#Quando_a_franquia_e_cobrada\" >Quando a franquia \u00e9 cobrada?<\/a><\/li><li class='ez-toc-page-1 ez-toc-heading-level-3'><a class=\"ez-toc-link ez-toc-heading-10\" href=\"https:\/\/economize.com.br\/blog\/coberturas-do-seguro-auto\/#O_seguro_cobre_outra_pessoa_dirigindo_o_meu_carro\" >O seguro cobre outra pessoa dirigindo o meu carro?<\/a><\/li><li class='ez-toc-page-1 ez-toc-heading-level-3'><a class=\"ez-toc-link ez-toc-heading-11\" href=\"https:\/\/economize.com.br\/blog\/coberturas-do-seguro-auto\/#Preciso_contratar_todas_as_coberturas\" >Preciso contratar todas as coberturas?<\/a><\/li><\/ul><\/li><li class='ez-toc-page-1 ez-toc-heading-level-2'><a class=\"ez-toc-link ez-toc-heading-12\" href=\"https:\/\/economize.com.br\/blog\/coberturas-do-seguro-auto\/#Ja_sabe_o_que_precisa_Compare_propostas\" >J\u00e1 sabe o que precisa? Compare propostas<\/a><\/li><li class='ez-toc-page-1 ez-toc-heading-level-2'><a class=\"ez-toc-link ez-toc-heading-13\" href=\"https:\/\/economize.com.br\/blog\/coberturas-do-seguro-auto\/#Continue_comparando\" >Continue comparando<\/a><\/li><\/ul><\/nav><\/div>\n<h2 class=\"wp-block-heading\"><span class=\"ez-toc-section\" id=\"O_que_o_seguro_auto_costuma_cobrir\"><\/span>O que o seguro auto costuma cobrir<span class=\"ez-toc-section-end\"><\/span><\/h2>\n\n\n\n<ul class=\"wp-block-list\">\n<li>Colis\u00e3o, roubo, furto, inc\u00eandio e eventos da natureza, na chamada cobertura compreensiva.<\/li>\n\n\n\n<li>Responsabilidade civil facultativa, para danos materiais, corporais e morais causados a terceiros.<\/li>\n\n\n\n<li>Acidentes pessoais de passageiros, com limites definidos em ap\u00f3lice.<\/li>\n\n\n\n<li>Assist\u00eancia 24 horas, com guincho, chaveiro, pane seca e apoio em viagem.<\/li>\n\n\n\n<li>Coberturas adicionais como vidros, far\u00f3is, lanternas, retrovisores e carro reserva.<\/li>\n<\/ul>\n\n\n\n<p class=\"wp-block-paragraph\"><strong>Dica<\/strong><\/p>\n\n\n\n<p class=\"wp-block-paragraph\">Acidentes pessoais de passageiros e responsabilidade civil para danos corporais n\u00e3o s\u00e3o a mesma coisa. A primeira protege quem est\u00e1 dentro do seu carro; a segunda, terceiros fora dele.<\/p>\n\n\n\n<h2 class=\"wp-block-heading\"><span class=\"ez-toc-section\" id=\"Compreensiva_roubo_e_incendio_ou_apenas_terceiros\"><\/span>Compreensiva, roubo e inc\u00eandio ou apenas terceiros<span class=\"ez-toc-section-end\"><\/span><\/h2>\n\n\n\n<p class=\"wp-block-paragraph\">A contrata\u00e7\u00e3o costuma seguir tr\u00eas formatos. A compreensiva re\u00fane o conjunto mais amplo de riscos para o pr\u00f3prio ve\u00edculo. A modalidade de roubo, furto e inc\u00eandio protege contra a perda do carro, mas n\u00e3o indeniza colis\u00e3o. O seguro apenas para terceiros cobre os danos que voc\u00ea causa a outras pessoas e n\u00e3o repara o seu autom\u00f3vel. A escolha depende do valor do ve\u00edculo, do or\u00e7amento e de quanto preju\u00edzo voc\u00ea conseguiria absorver sozinho.<\/p>\n\n\n\n<figure class=\"wp-block-image size-large\"><img fetchpriority=\"high\" decoding=\"async\" width=\"1024\" height=\"683\" src=\"https:\/\/economize.com.br\/blog\/wp-content\/uploads\/2026\/09\/seguro-cobre-cobertura-1024x683.png\" alt=\"seguro-cobre-cobertura\" class=\"wp-image-8790\" srcset=\"https:\/\/economize.com.br\/blog\/wp-content\/uploads\/2026\/09\/seguro-cobre-cobertura-1024x683.png 1024w, https:\/\/economize.com.br\/blog\/wp-content\/uploads\/2026\/09\/seguro-cobre-cobertura-300x200.png 300w, https:\/\/economize.com.br\/blog\/wp-content\/uploads\/2026\/09\/seguro-cobre-cobertura-768x512.png 768w, https:\/\/economize.com.br\/blog\/wp-content\/uploads\/2026\/09\/seguro-cobre-cobertura.png 1536w\" sizes=\"(max-width: 1024px) 100vw, 1024px\" \/><\/figure>\n\n\n\n<h2 class=\"wp-block-heading\"><span class=\"ez-toc-section\" id=\"Franquia_como_funciona_na_pratica\"><\/span>Franquia: como funciona na pr\u00e1tica<span class=\"ez-toc-section-end\"><\/span><\/h2>\n\n\n\n<p class=\"wp-block-paragraph\">A franquia \u00e9 a parte do reparo que fica sob responsabilidade do segurado quando h\u00e1 um sinistro parcial. Ela pode ser normal, reduzida ou ampliada, e cada faixa muda o pre\u00e7o da ap\u00f3lice. Em indeniza\u00e7\u00e3o integral, como perda total ou roubo sem recupera\u00e7\u00e3o, a franquia normalmente n\u00e3o \u00e9 cobrada. Coberturas como vidros e assist\u00eancia costumam ter regras pr\u00f3prias, com participa\u00e7\u00e3o espec\u00edfica ou isen\u00e7\u00e3o.<\/p>\n\n\n\n<p class=\"wp-block-paragraph\"><strong>Dica<\/strong><\/p>\n\n\n\n<p class=\"wp-block-paragraph\">Confirme se vidros, far\u00f3is e retrovisores t\u00eam participa\u00e7\u00e3o pr\u00f3pria. Em muitos produtos, esses itens t\u00eam franquia separada e menor que a da cobertura principal.<\/p>\n\n\n\n<h2 class=\"wp-block-heading\"><span class=\"ez-toc-section\" id=\"O_que_a_apolice_normalmente_nao_cobre\"><\/span>O que a ap\u00f3lice normalmente n\u00e3o cobre<span class=\"ez-toc-section-end\"><\/span><\/h2>\n\n\n\n<ul class=\"wp-block-list\">\n<li>Danos causados intencionalmente ou decorrentes de uso em competi\u00e7\u00f5es.<\/li>\n\n\n\n<li>Condu\u00e7\u00e3o por pessoa sem habilita\u00e7\u00e3o v\u00e1lida para a categoria do ve\u00edculo.<\/li>\n\n\n\n<li>Uso profissional ou por aplicativo quando essa atividade n\u00e3o foi declarada.<\/li>\n\n\n\n<li>Desgaste natural, falhas mec\u00e2nicas e manuten\u00e7\u00e3o preventiva.<\/li>\n\n\n\n<li>Acess\u00f3rios e equipamentos instalados que n\u00e3o constam da ap\u00f3lice.<\/li>\n\n\n\n<li>Mercadorias e bens transportados, que dependem de cobertura espec\u00edfica.<\/li>\n<\/ul>\n\n\n\n<p class=\"wp-block-paragraph\">A rela\u00e7\u00e3o completa est\u00e1 nas condi\u00e7\u00f5es gerais do produto contratado, documento que deve ser lido antes da assinatura.<\/p>\n\n\n\n<p class=\"wp-block-paragraph\"><strong>Dica<\/strong><\/p>\n\n\n\n<p class=\"wp-block-paragraph\">Acess\u00f3rios instalados depois da compra, como som, rodas, rastreador e engate, s\u00f3 entram na ap\u00f3lice se declarados com valor. Guarde as notas fiscais.<\/p>\n\n\n\n<h2 class=\"wp-block-heading\"><span class=\"ez-toc-section\" id=\"Como_decidir_entre_duas_propostas\"><\/span>Como decidir entre duas propostas<span class=\"ez-toc-section-end\"><\/span><\/h2>\n\n\n\n<p class=\"wp-block-paragraph\">Comece igualando os par\u00e2metros: mesmo tipo de franquia, mesmos limites de responsabilidade civil, mesmo percentual da Tabela FIPE e assist\u00eancias semelhantes. Em seguida, olhe o que s\u00f3 aparece na leitura atenta: regras para reparo com pe\u00e7as originais, rede de oficinas na sua cidade, condutores declarados e exclus\u00f5es. O pre\u00e7o \u00e9 o \u00faltimo crit\u00e9rio, n\u00e3o o primeiro.<\/p>\n\n\n\n<p class=\"wp-block-paragraph\"><strong>Dica<\/strong><\/p>\n\n\n\n<p class=\"wp-block-paragraph\">Pe\u00e7a as condi\u00e7\u00f5es gerais antes de assinar, n\u00e3o apenas a proposta resumida. \u00c9 nelas que est\u00e3o as exclus\u00f5es, os prazos e as regras de reparo.<\/p>\n\n\n\n<figure class=\"wp-block-image size-large\"><img decoding=\"async\" width=\"1024\" height=\"683\" src=\"https:\/\/economize.com.br\/blog\/wp-content\/uploads\/2026\/09\/cobertura-cobre-seguro-1024x683.png\" alt=\"cobertura-cobre-seguro\" class=\"wp-image-8791\" srcset=\"https:\/\/economize.com.br\/blog\/wp-content\/uploads\/2026\/09\/cobertura-cobre-seguro-1024x683.png 1024w, https:\/\/economize.com.br\/blog\/wp-content\/uploads\/2026\/09\/cobertura-cobre-seguro-300x200.png 300w, https:\/\/economize.com.br\/blog\/wp-content\/uploads\/2026\/09\/cobertura-cobre-seguro-768x512.png 768w, https:\/\/economize.com.br\/blog\/wp-content\/uploads\/2026\/09\/cobertura-cobre-seguro.png 1536w\" sizes=\"(max-width: 1024px) 100vw, 1024px\" \/><\/figure>\n\n\n\n<h2 class=\"wp-block-heading\"><span class=\"ez-toc-section\" id=\"Perguntas_frequentes\"><\/span>Perguntas frequentes<span class=\"ez-toc-section-end\"><\/span><\/h2>\n\n\n\n<h3 class=\"wp-block-heading\"><span class=\"ez-toc-section\" id=\"Quais_sao_as_coberturas_do_seguro_auto\"><\/span>Quais s\u00e3o as coberturas do seguro auto?<span class=\"ez-toc-section-end\"><\/span><\/h3>\n\n\n\n<p class=\"wp-block-paragraph\">As mais contratadas s\u00e3o a compreensiva (colis\u00e3o, roubo, furto, inc\u00eandio e eventos naturais), a responsabilidade civil para danos a terceiros, os acidentes pessoais de passageiros e a assist\u00eancia 24 horas. Vidros, far\u00f3is e carro reserva costumam ser adicionais.<\/p>\n\n\n\n<h3 class=\"wp-block-heading\"><span class=\"ez-toc-section\" id=\"Qual_a_diferenca_entre_cobertura_compreensiva_e_seguro_so_para_terceiros\"><\/span>Qual a diferen\u00e7a entre cobertura compreensiva e seguro s\u00f3 para terceiros?<span class=\"ez-toc-section-end\"><\/span><\/h3>\n\n\n\n<p class=\"wp-block-paragraph\">A compreensiva indeniza danos ao pr\u00f3prio ve\u00edculo dentro das hip\u00f3teses previstas. O seguro apenas para terceiros cobre os preju\u00edzos que voc\u00ea causa a outras pessoas e n\u00e3o repara o seu carro. S\u00e3o finalidades diferentes, e n\u00e3o vers\u00f5es mais ou menos completas do mesmo produto.<\/p>\n\n\n\n<h3 class=\"wp-block-heading\"><span class=\"ez-toc-section\" id=\"Quando_a_franquia_e_cobrada\"><\/span>Quando a franquia \u00e9 cobrada?<span class=\"ez-toc-section-end\"><\/span><\/h3>\n\n\n\n<p class=\"wp-block-paragraph\">Em regra, nos sinistros parciais, quando o ve\u00edculo \u00e9 reparado. Em indeniza\u00e7\u00e3o integral, a franquia normalmente n\u00e3o se aplica. Cada condi\u00e7\u00e3o geral define as hip\u00f3teses com precis\u00e3o.<\/p>\n\n\n\n<h3 class=\"wp-block-heading\"><span class=\"ez-toc-section\" id=\"O_seguro_cobre_outra_pessoa_dirigindo_o_meu_carro\"><\/span>O seguro cobre outra pessoa dirigindo o meu carro?<span class=\"ez-toc-section-end\"><\/span><\/h3>\n\n\n\n<p class=\"wp-block-paragraph\">Depende do perfil declarado. A ap\u00f3lice considera o condutor principal e os demais condutores informados, e pode ter regras espec\u00edficas para condutores jovens ou para uso eventual por terceiros. Declarar corretamente quem dirige evita discuss\u00e3o no momento do sinistro.<\/p>\n\n\n\n<h3 class=\"wp-block-heading\"><span class=\"ez-toc-section\" id=\"Preciso_contratar_todas_as_coberturas\"><\/span>Preciso contratar todas as coberturas?<span class=\"ez-toc-section-end\"><\/span><\/h3>\n\n\n\n<p class=\"wp-block-paragraph\">N\u00e3o. O seguro \u00e9 modular. A escolha depende do valor do ve\u00edculo, de quanto preju\u00edzo voc\u00ea conseguiria absorver sozinho e da sua rotina. Responsabilidade civil e prote\u00e7\u00e3o do pr\u00f3prio carro costumam ser a base; assist\u00eancias e adicionais entram conforme o uso.<\/p>\n\n\n\n<h2 class=\"wp-block-heading\"><span class=\"ez-toc-section\" id=\"Ja_sabe_o_que_precisa_Compare_propostas\"><\/span><strong>J\u00e1 sabe o que precisa? Compare propostas<\/strong><span class=\"ez-toc-section-end\"><\/span><\/h2>\n\n\n\n<p class=\"wp-block-paragraph\">Cota\u00e7\u00e3o gratuita em mais de 20 seguradoras, com atendimento humano.<\/p>\n\n\n\n<p class=\"wp-block-paragraph\"><a href=\"https:\/\/simular.economize.com.br\/\">Simular agora<\/a>  <a href=\"https:\/\/api.whatsapp.com\/send\/?phone=551151940521&amp;text=Ol%C3%A1%21+Gostaria+de+saber+mais+sobre+o+seguro+do+meu+ve%C3%ADculo.&amp;type=phone_number&amp;app_absent=0\" target=\"_blank\" rel=\"noopener\">Cotar no Whatsapp<\/a><\/p>\n\n\n\n<p class=\"wp-block-paragraph\">Ou ligue\u00a0<a href=\"tel:08005918084\">0800 591 8084<\/a>\u00a0\u00b7\u00a0<a href=\"\/seguro-auto\/\">Guia completo de seguro auto<\/a><\/p>\n\n\n\n<figure class=\"wp-block-image size-large\"><img decoding=\"async\" width=\"1024\" height=\"683\" src=\"https:\/\/economize.com.br\/blog\/wp-content\/uploads\/2026\/09\/seguro-auto-coberturas-1024x683.png\" alt=\"seguro-auto-coberturas\" class=\"wp-image-8789\" srcset=\"https:\/\/economize.com.br\/blog\/wp-content\/uploads\/2026\/09\/seguro-auto-coberturas-1024x683.png 1024w, https:\/\/economize.com.br\/blog\/wp-content\/uploads\/2026\/09\/seguro-auto-coberturas-300x200.png 300w, https:\/\/economize.com.br\/blog\/wp-content\/uploads\/2026\/09\/seguro-auto-coberturas-768x512.png 768w, https:\/\/economize.com.br\/blog\/wp-content\/uploads\/2026\/09\/seguro-auto-coberturas.png 1536w\" sizes=\"(max-width: 1024px) 100vw, 1024px\" \/><\/figure>\n\n\n\n<h2 class=\"wp-block-heading\"><span class=\"ez-toc-section\" id=\"Continue_comparando\"><\/span>Continue comparando<span class=\"ez-toc-section-end\"><\/span><\/h2>\n\n\n\n<ul class=\"wp-block-list\">\n<li><a href=\"https:\/\/economize.com.br\/blog\/seguro-auto-barato\/\" data-type=\"link\" data-id=\"https:\/\/economize.com.br\/blog\/seguro-auto-barato\/\">Seguro auto barato: compare pre\u00e7os sem abrir m\u00e3o da cobertura<\/a><\/li>\n\n\n\n<li><a href=\"\/seguro-auto\/\">Cota\u00e7\u00e3o de seguro auto em +20 seguradoras<\/a><\/li>\n\n\n\n<li><a href=\"\/seguro-auto\/modelos\/\">Seguro auto por modelo de ve\u00edculo<\/a><\/li>\n\n\n\n<li><a href=\"\/seguradoras\/\">Seguro auto por seguradora<\/a><\/li>\n<\/ul>\n\n\n\n<p class=\"wp-block-paragraph\">Conte\u00fado informativo. Coberturas, exclus\u00f5es, limites e regras de aceita\u00e7\u00e3o constam nas condi\u00e7\u00f5es gerais de cada produto e podem variar entre seguradoras.<\/p>\n\n\n\n<p class=\"wp-block-paragraph\">Esta p\u00e1gina n\u00e3o divulga pre\u00e7os ou valores m\u00e9dios: o custo do seguro depende de ve\u00edculo, perfil, regi\u00e3o, uso e coberturas contratadas.<\/p>\n\n\n\n<p class=\"wp-block-paragraph\">\u00a9 2026 Economize On \u2013 Corretora de Seguros LTDA \u00b7 CNPJ 03.417.343\/0001-44 \u00b7 Susep 222142178 \u00b7 Rua Avanhandava, 126 \u2014 Bela Vista \u2014 01306-901 \u2014 S\u00e3o Paulo\/SP \u00b7 Telefone 0800 591 8084 \u00b7 WhatsApp (11) 5194-0521<\/p>\n\n\n\n<p class=\"wp-block-paragraph\">Todos os direitos reservados.<\/p>\n\n\n\n<p class=\"wp-block-paragraph\"><\/p>\n","protected":false},"excerpt":{"rendered":"<p>Coberturas do seguro auto: o que cada uma protege<\/p>\n","protected":false},"author":1,"featured_media":8789,"comment_status":"open","ping_status":"open","sticky":false,"template":"","format":"standard","meta":{"footnotes":""},"categories":[12],"tags":[341],"class_list":["post-8787","post","type-post","status-publish","format-standard","has-post-thumbnail","hentry","category-seguro-auto","tag-coberturas-do-seguro-auto-o-que-cada-uma-protege"],"_links":{"self":[{"href":"https:\/\/economize.com.br\/blog\/wp-json\/wp\/v2\/posts\/8787","targetHints":{"allow":["GET"]}}],"collection":[{"href":"https:\/\/economize.com.br\/blog\/wp-json\/wp\/v2\/posts"}],"about":[{"href":"https:\/\/economize.com.br\/blog\/wp-json\/wp\/v2\/types\/post"}],"author":[{"embeddable":true,"href":"https:\/\/economize.com.br\/blog\/wp-json\/wp\/v2\/users\/1"}],"replies":[{"embeddable":true,"href":"https:\/\/economize.com.br\/blog\/wp-json\/wp\/v2\/comments?post=8787"}],"version-history":[{"count":1,"href":"https:\/\/economize.com.br\/blog\/wp-json\/wp\/v2\/posts\/8787\/revisions"}],"predecessor-version":[{"id":8792,"href":"https:\/\/economize.com.br\/blog\/wp-json\/wp\/v2\/posts\/8787\/revisions\/8792"}],"wp:featuredmedia":[{"embeddable":true,"href":"https:\/\/economize.com.br\/blog\/wp-json\/wp\/v2\/media\/8789"}],"wp:attachment":[{"href":"https:\/\/economize.com.br\/blog\/wp-json\/wp\/v2\/media?parent=8787"}],"wp:term":[{"taxonomy":"category","embeddable":true,"href":"https:\/\/economize.com.br\/blog\/wp-json\/wp\/v2\/categories?post=8787"},{"taxonomy":"post_tag","embeddable":true,"href":"https:\/\/economize.com.br\/blog\/wp-json\/wp\/v2\/tags?post=8787"}],"curies":[{"name":"wp","href":"https:\/\/api.w.org\/{rel}","templated":true}]}}